{"id":291,"date":"2022-11-14T15:24:35","date_gmt":"2022-11-14T15:24:35","guid":{"rendered":"https:\/\/bluehendes-bad-camberg.de\/?p=291"},"modified":"2022-11-14T15:24:35","modified_gmt":"2022-11-14T15:24:35","slug":"ein-imker-aus-bad-camberg-berichtet","status":"publish","type":"post","link":"https:\/\/bluehendes-bad-camberg.de\/?p=291","title":{"rendered":"Ein Imker aus Bad Camberg berichtet:"},"content":{"rendered":"\n<p>Die Lage der Insekten hier vor Ort, eine Beschreibung des ehemaligen Vorsitzenden unseres Imkervereins Rolf Siepermann:<\/p>\n\n\n\n<p>&#8220;Das Thema Blumen, Bl\u00fchfl\u00e4chen, Geh\u00f6lze etc. ist bei uns nat\u00fcrlich im Imkerverein permanent pr\u00e4sent, weil unsere Landschaft durch die intensive Landwirtschaft und auch durch Beseitigung von Obst- und anderen B\u00e4umen\u00a0f\u00fcr V\u00f6gel und Insekten aller Art sehr \u201earm\u201c geworden ist.<\/p>\n\n\n\n<figure class=\"wp-block-image size-full\"><img decoding=\"async\" loading=\"lazy\" width=\"700\" height=\"464\" src=\"https:\/\/bluehendes-bad-camberg.de\/wp-content\/uploads\/2022\/11\/wiese-gruen.jpg\" alt=\"\" class=\"wp-image-199\" srcset=\"https:\/\/bluehendes-bad-camberg.de\/wp-content\/uploads\/2022\/11\/wiese-gruen.jpg 700w, https:\/\/bluehendes-bad-camberg.de\/wp-content\/uploads\/2022\/11\/wiese-gruen-300x199.jpg 300w\" sizes=\"(max-width: 700px) 100vw, 700px\" \/><figcaption class=\"wp-element-caption\">Gr\u00fcne Wiese &#8211; wo sind die Blumen?<\/figcaption><\/figure>\n\n\n\n<p>Im letzten Jahr war es ganz schlimm, da mussten wir Imker schon teilweise Anfang Juli \u201ezu\u201c f\u00fcttern, obwohl die Honigtrachtzeit erst Ende Juli endet und nach dem \u201eAbschleudern\u201c Anfang August normalerweise erst f\u00fcr den Winter eingef\u00fcttert wird. Wenn ein Volk hungert, geht die K\u00f6nigin aus der Brut. Deshalb darf der Futterstrom nicht abrei\u00dfen. F\u00fcr die Bienenv\u00f6lker und Hummeln ist &nbsp;es f\u00fcr ihre Vitalit\u00e4t ganz wichtig, dass sie in den Monaten Juli bis September noch Pollen und Nektar, also nat\u00fcrliche Nahrung (nicht nur gef\u00fctterten Zuckersirup) finden. In diesem Zeitraum werden die Winterbienen erzeugt, die mit der K\u00f6nigin bis zum n\u00e4chsten Fr\u00fchjahr \u00fcberleben m\u00fcssen.&nbsp;&nbsp;<\/p>\n\n\n\n<p>Das ist auch der Grund, warum die Samenmischungen f\u00fcr Bl\u00fchfl\u00e4chen \u00fcberwiegend aus Sp\u00e4tbl\u00fchern bestehen. Im Fr\u00fchjahr und Fr\u00fchsommer finden die Bienen derzeit noch genug Nahrung.&#8221;<\/p>\n","protected":false},"excerpt":{"rendered":"<p>Die Lage der Insekten hier vor Ort, eine Beschreibung des ehemaligen Vorsitzenden unseres Imkervereins Rolf Siepermann: &#8220;Das Thema Blumen, Bl\u00fchfl\u00e4chen, Geh\u00f6lze etc. ist bei uns nat\u00fcrlich im Imkerverein permanent pr\u00e4sent,&hellip; <a class=\"more-link\" href=\"https:\/\/bluehendes-bad-camberg.de\/?p=291\"><span class=\"screen-reader-text\">Ein Imker aus Bad Camberg berichtet:<\/span> weiterlesen<\/a><\/p>\n","protected":false},"author":1,"featured_media":0,"comment_status":"closed","ping_status":"open","sticky":false,"template":"","format":"standard","meta":[],"categories":[10],"tags":[],"_links":{"self":[{"href":"https:\/\/bluehendes-bad-camberg.de\/index.php?rest_route=\/wp\/v2\/posts\/291"}],"collection":[{"href":"https:\/\/bluehendes-bad-camberg.de\/index.php?rest_route=\/wp\/v2\/posts"}],"about":[{"href":"https:\/\/bluehendes-bad-camberg.de\/index.php?rest_route=\/wp\/v2\/types\/post"}],"author":[{"embeddable":true,"href":"https:\/\/bluehendes-bad-camberg.de\/index.php?rest_route=\/wp\/v2\/users\/1"}],"replies":[{"embeddable":true,"href":"https:\/\/bluehendes-bad-camberg.de\/index.php?rest_route=%2Fwp%2Fv2%2Fcomments&post=291"}],"version-history":[{"count":1,"href":"https:\/\/bluehendes-bad-camberg.de\/index.php?rest_route=\/wp\/v2\/posts\/291\/revisions"}],"predecessor-version":[{"id":292,"href":"https:\/\/bluehendes-bad-camberg.de\/index.php?rest_route=\/wp\/v2\/posts\/291\/revisions\/292"}],"wp:attachment":[{"href":"https:\/\/bluehendes-bad-camberg.de\/index.php?rest_route=%2Fwp%2Fv2%2Fmedia&parent=291"}],"wp:term":[{"taxonomy":"category","embeddable":true,"href":"https:\/\/bluehendes-bad-camberg.de\/index.php?rest_route=%2Fwp%2Fv2%2Fcategories&post=291"},{"taxonomy":"post_tag","embeddable":true,"href":"https:\/\/bluehendes-bad-camberg.de\/index.php?rest_route=%2Fwp%2Fv2%2Ftags&post=291"}],"curies":[{"name":"wp","href":"https:\/\/api.w.org\/{rel}","templated":true}]}}